{"id":249713,"date":"2026-09-05T17:46:03","date_gmt":"2026-09-05T20:46:03","guid":{"rendered":"https:\/\/www.obispadocastrenseargentina.org\/contenidos\/?p=249713"},"modified":"2026-09-05T17:46:04","modified_gmt":"2026-09-05T20:46:04","slug":"el-gobierno-y-la-cea-expresan-su-alegria-por-la-presencia-y-trabajo-de-la-delegacion-de-la-secretaria-de-estado-de-la-santa-sede","status":"publish","type":"post","link":"https:\/\/www.obispadocastrenseargentina.org\/contenidos\/el-gobierno-y-la-cea-expresan-su-alegria-por-la-presencia-y-trabajo-de-la-delegacion-de-la-secretaria-de-estado-de-la-santa-sede\/","title":{"rendered":"El Gobierno y la CEA expresan su alegr\u00eda por la presencia y trabajo de la Delegaci\u00f3n de la Secretar\u00eda de Estado de la Santa Sede"},"content":{"rendered":"\n<p><strong>El Gobierno y la CEA expresan su alegr\u00eda por la presencia y trabajo de la Delegaci\u00f3n de la Secretar\u00eda de Estado de la Santa Sede<\/strong>, as\u00ed lo expresa el comunicado difundido en la jornada de hoy. En el mensaje la Conferencia Episcopal Argentina (CEA) se\u00f1ala que<strong><em>, \u201c(\u2026) la articulaci\u00f3n entre el Estado y la Iglesia, cada uno desde sus propias responsabilidades, constituye ya un fruto de este proceso y expresa la voluntad compartida de contribuir para que la presencia del Santo Padre sea fecunda para la sociedad argentina\u201d.<\/em><\/strong> &nbsp;<\/p>\n\n\n\n<p>Completando, agregan, <strong><em>\u201cel trabajo conjunto entre el Gobierno Nacional, la Iglesia, los Gobiernos provinciales, municipales y las instituciones comprometidas constituye una valiosa expresi\u00f3n de di\u00e1logo, cooperaci\u00f3n y fraternidad en nuestra patria. El trabajo continuar\u00e1 sobre la base del proyecto presentado, incorporando los aportes necesarios para completar su evaluaci\u00f3n y discernimiento\u201d.<\/em><\/strong><\/p>\n\n\n\n<p>A continuaci\u00f3n, compartimos en forma completa el mensaje de la Conferencia Episcopal Argentina:<\/p>\n\n\n\n<figure class=\"wp-block-image aligncenter size-full\"><a href=\"https:\/\/www.obispadocastrenseargentina.org\/contenidos\/wp-content\/uploads\/2023\/11\/image.png\"><img loading=\"lazy\" decoding=\"async\" width=\"94\" height=\"144\" src=\"https:\/\/www.obispadocastrenseargentina.org\/contenidos\/wp-content\/uploads\/2023\/11\/image.png\" alt=\"\" class=\"wp-image-240873\"\/><\/a><\/figure>\n\n\n\n<p class=\"has-text-align-center\"><strong>CONFERENCIA EPISCOPAL ARGENTINA<\/strong><\/p>\n\n\n\n<p>El Gobierno Nacional y la Conferencia Episcopal Argentina expresan su alegr\u00eda por la presencia y el trabajo de la delegaci\u00f3n de la Secretar\u00eda de Estado de la Santa Sede, que durante estos d\u00edas recorri\u00f3 Uruguay, Argentina y Per\u00fa en el marco de la preparaci\u00f3n del viaje apost\u00f3lico del Papa Le\u00f3n XIV.<\/p>\n\n\n\n<p>Estas jornadas permitieron avanzar en la coordinaci\u00f3n de los distintos aspectos de la visita. La articulaci\u00f3n entre el Estado y la Iglesia, cada uno desde sus propias responsabilidades, constituye ya un fruto de este proceso y expresa la voluntad compartida de contribuir para que la presencia del Santo Padre sea fecunda para la sociedad argentina.<\/p>\n\n\n\n<p>El trabajo conjunto entre el Gobierno Nacional, la Iglesia, los Gobiernos provinciales, municipales y las instituciones comprometidas constituye una valiosa expresi\u00f3n de di\u00e1logo, cooperaci\u00f3n y fraternidad en nuestra patria.<\/p>\n\n\n\n<p>El trabajo continuar\u00e1 sobre la base del proyecto presentado, incorporando los aportes necesarios para completar su evaluaci\u00f3n y discernimiento. El itinerario definitivo y los detalles de la visita del Papa Le\u00f3n XIV a la Argentina ser\u00e1n dados a conocer mediante una comunicaci\u00f3n oficial de la Santa Sede prevista para el mes de septiembre.<\/p>\n\n\n\n<p class=\"has-text-align-right\"><em>S\u00e1bado, 5 de septiembre de 2026.<\/em><\/p>\n","protected":false},"excerpt":{"rendered":"<p>El Gobierno y la CEA expresan su alegr\u00eda por la presencia y trabajo de la Delegaci\u00f3n de la Secretar\u00eda de Estado de la Santa Sede, as\u00ed lo expresa el comunicado difundido en la jornada de hoy. En el mensaje la Conferencia Episcopal Argentina (CEA) se\u00f1ala que, \u201c(\u2026) la articulaci\u00f3n entre el Estado y la Iglesia, [&hellip;]<\/p>\n","protected":false},"author":6,"featured_media":249714,"comment_status":"open","ping_status":"closed","sticky":false,"template":"","format":"standard","meta":{"_et_pb_use_builder":"off","_et_pb_old_content":"","_et_gb_content_width":"","footnotes":""},"categories":[66],"tags":[87,18],"class_list":["post-249713","post","type-post","status-publish","format-standard","has-post-thumbnail","hentry","category-obispado-castrense-de-argentina","tag-cea-conferencia-episcopal-argentina","tag-obispado-castrense-de-argentina"],"_links":{"self":[{"href":"https:\/\/www.obispadocastrenseargentina.org\/contenidos\/wp-json\/wp\/v2\/posts\/249713","targetHints":{"allow":["GET"]}}],"collection":[{"href":"https:\/\/www.obispadocastrenseargentina.org\/contenidos\/wp-json\/wp\/v2\/posts"}],"about":[{"href":"https:\/\/www.obispadocastrenseargentina.org\/contenidos\/wp-json\/wp\/v2\/types\/post"}],"author":[{"embeddable":true,"href":"https:\/\/www.obispadocastrenseargentina.org\/contenidos\/wp-json\/wp\/v2\/users\/6"}],"replies":[{"embeddable":true,"href":"https:\/\/www.obispadocastrenseargentina.org\/contenidos\/wp-json\/wp\/v2\/comments?post=249713"}],"version-history":[{"count":1,"href":"https:\/\/www.obispadocastrenseargentina.org\/contenidos\/wp-json\/wp\/v2\/posts\/249713\/revisions"}],"predecessor-version":[{"id":249715,"href":"https:\/\/www.obispadocastrenseargentina.org\/contenidos\/wp-json\/wp\/v2\/posts\/249713\/revisions\/249715"}],"wp:featuredmedia":[{"embeddable":true,"href":"https:\/\/www.obispadocastrenseargentina.org\/contenidos\/wp-json\/wp\/v2\/media\/249714"}],"wp:attachment":[{"href":"https:\/\/www.obispadocastrenseargentina.org\/contenidos\/wp-json\/wp\/v2\/media?parent=249713"}],"wp:term":[{"taxonomy":"category","embeddable":true,"href":"https:\/\/www.obispadocastrenseargentina.org\/contenidos\/wp-json\/wp\/v2\/categories?post=249713"},{"taxonomy":"post_tag","embeddable":true,"href":"https:\/\/www.obispadocastrenseargentina.org\/contenidos\/wp-json\/wp\/v2\/tags?post=249713"}],"curies":[{"name":"wp","href":"https:\/\/api.w.org\/{rel}","templated":true}]}}