{"id":249716,"date":"2026-09-06T08:48:54","date_gmt":"2026-09-06T11:48:54","guid":{"rendered":"https:\/\/www.obispadocastrenseargentina.org\/contenidos\/?p=249716"},"modified":"2026-09-06T08:48:55","modified_gmt":"2026-09-06T11:48:55","slug":"papa-leon-xiv-sin-la-fe-cualquiera-podria-sentirse-solo-y-sospechar-de-los-demas-viendolos-como-extranos-y-enemigos","status":"publish","type":"post","link":"https:\/\/www.obispadocastrenseargentina.org\/contenidos\/papa-leon-xiv-sin-la-fe-cualquiera-podria-sentirse-solo-y-sospechar-de-los-demas-viendolos-como-extranos-y-enemigos\/","title":{"rendered":"PAPA LE\u00d3N XIV | Sin la fe, cualquiera podr\u00eda sentirse solo y sospechar de los dem\u00e1s, vi\u00e9ndolos como extra\u00f1os y enemigos"},"content":{"rendered":"\n<p><strong>PAPA LE\u00d3N XIV | Sin la fe, cualquiera podr\u00eda sentirse solo y sospechar de los dem\u00e1s, vi\u00e9ndolos como extra\u00f1os y enemigos<\/strong>, as\u00ed lo expreso el <strong>Santo Padre<\/strong> al compartir su mensaje antes de recitar la oraci\u00f3n mariana del \u00c1ngelus. Antes del mediod\u00eda de hoy, <strong>Su Santidad Le\u00f3n XIV<\/strong> se presentaba en la ventana del Estudio Apost\u00f3lico Vaticano, desde donde se reuni\u00f3 con fieles y peregrinos presentes en Plaza San Pedro en Ciudad del Vaticano.<\/p>\n\n\n\n<p>El <strong>Papa<\/strong> nos dec\u00eda, <strong><em>\u201cla Palabra de Dios proclamada en la liturgia de este domingo nos ofrece algunos criterios fundamentales de pensamiento y de acci\u00f3n. Leemos en la Carta a los Romanos que todos los mandamientos \u00abse resumen en este: \u201cAmar\u00e1s a tu pr\u00f3jimo como a ti mismo\u201d\u00bb (Rm 13,9).<\/em><\/strong><\/p>\n\n\n\n<p><strong><em>Jes\u00fas nos ha ense\u00f1ado a invocar y a practicar el perd\u00f3n de las deudas. Sin embargo, hay una heredad que nos debemos los unos a los otros, sin quedar atrapados por ella: es la deuda de un amor mutuo\u201d.<\/em><\/strong><strong><em><\/em><\/strong><\/p>\n\n\n\n<p>Profundizando, el <strong>Santo Padre<\/strong> dijo, <strong><em>\u201cen el Evangelio de este domingo, Jes\u00fas sugiere a cada comunidad cristiana al menos dos modos de ejercitar el amor mutuo. El primero es ser capaces de realizar la correcci\u00f3n fraterna\u201d.<\/em><\/strong><\/p>\n\n\n\n<p>Completando, el <strong>Pont\u00edfice<\/strong> se\u00f1al\u00f3, <strong><em>\u201c(\u2026) un segundo modo de amar fraternalmente, que para Jes\u00fas transforma incluso la oraci\u00f3n: ponerse de acuerdo. No solamente cuando hay un conflicto, sino para pedir a Dios cualquier don. Dice el Se\u00f1or: \u00abSi dos de ustedes se unen en la tierra para pedir algo, mi Padre que est\u00e1 en el cielo se lo conceder\u00e1\u00bb (Mt 18,19). Esta promesa sugiere que podemos tener deseos comunes, dolores comunes, esperanzas comunes y, a trav\u00e9s de la oraci\u00f3n, crecer en la unidad. Sin la fe, cualquiera podr\u00eda sentirse solo y sospechar de los dem\u00e1s, vi\u00e9ndolos como extra\u00f1os y enemigos\u201d.<\/em><\/strong><\/p>\n\n\n\n<p>A continuaci\u00f3n, compartimos en forma completa el mensaje de <strong>Su Santidad Le\u00f3n XIV<\/strong>:<\/p>\n\n\n\n<p><em>Queridos hermanos y hermanas, \u00a1feliz domingo!<\/em><\/p>\n\n\n\n<p>La Palabra de Dios proclamada en la liturgia de este domingo nos ofrece algunos criterios fundamentales de pensamiento y de acci\u00f3n. Leemos en la Carta a los Romanos que todos los mandamientos \u00abse resumen en este: \u201cAmar\u00e1s a tu pr\u00f3jimo como a ti mismo\u201d\u00bb (Rm 13,9). San Pablo insiste en este punto con una imagen muy fuerte, presente tambi\u00e9n en el \u201cPadre nuestro\u201d. Escribe: \u00abQue la \u00fanica deuda con los dem\u00e1s sea la del amor mutuo\u00bb (v. 8).<\/p>\n\n\n\n<p>Jes\u00fas nos ha ense\u00f1ado a invocar y a practicar el perd\u00f3n de las deudas. Sin embargo, hay una heredad que nos debemos los unos a los otros, sin quedar atrapados por ella: es la deuda de un amor mutuo. Toda la atenci\u00f3n, el cuidado y el bien que hemos recibido nos hacen m\u00e1s libres y responsables.<\/p>\n\n\n\n<p>En el Evangelio de este domingo, Jes\u00fas sugiere a cada comunidad cristiana al menos dos modos de ejercitar el amor mutuo. El primero es ser capaces de realizar la correcci\u00f3n fraterna. Es un arte delicado y muchas veces olvidado, que requiere franqueza y gradualidad. Hablarse con sinceridad \u2014primero de t\u00fa a t\u00fa; despu\u00e9s, si es preciso, entre dos o tres personas; finalmente, cuando sea necesario, con toda la comunidad\u2014 significa afrontar la realidad y transformar problemas y conflictos en pasos de crecimiento. La lamentaci\u00f3n y la maledicencia son m\u00e1s f\u00e1ciles, pero no generan nada y paralizan muchas situaciones. El Evangelio, sin embargo, nos educa a la libertad en la caridad.<\/p>\n\n\n\n<p>Adem\u00e1s, hay un segundo modo de amar fraternalmente, que para Jes\u00fas transforma incluso la oraci\u00f3n: ponerse de acuerdo. No solamente cuando hay un conflicto, sino para pedir a Dios cualquier don. Dice el Se\u00f1or: \u00abSi dos de ustedes se unen en la tierra para pedir algo, mi Padre que est\u00e1 en el cielo se lo conceder\u00e1\u00bb (Mt 18,19). Esta promesa sugiere que podemos tener deseos comunes, dolores comunes, esperanzas comunes y, a trav\u00e9s de la oraci\u00f3n, crecer en la unidad. Sin la fe, cualquiera podr\u00eda sentirse solo y sospechar de los dem\u00e1s, vi\u00e9ndolos como extra\u00f1os y enemigos. Sin embargo, por gracia, somos hermanos y hermanas que pueden ponerse de acuerdo: encontr\u00e1ndose, perdon\u00e1ndose y escuch\u00e1ndose en el Se\u00f1or.<\/p>\n\n\n\n<p>Pidamos a Mar\u00eda, quien tras el anuncio del \u00e1ngel fue deprisa al encuentro de su prima Isabel para compartir la alegr\u00eda y el cansancio del embarazo, que nos ense\u00f1e tambi\u00e9n a nosotros la gozosa deuda del amor fraterno.<\/p>\n\n\n\n<p>______________________<\/p>\n\n\n\n<p><strong>Despu\u00e9s del \u00c1ngelus<\/strong><\/p>\n\n\n\n<p>Queridos hermanos y hermanas:<\/p>\n\n\n\n<p>Con gran pesar he seguido las noticias sobre los violentos ataques que recientemente han afectado a varias ciudades e infraestructuras civiles en Ucrania, provocando la muerte de personas inocentes.<\/p>\n\n\n\n<p>Mi coraz\u00f3n se une al sufrimiento del pueblo que lleva a\u00f1os viviendo en la angustia y el miedo.<\/p>\n\n\n\n<p>Hago un nuevo llamamiento para que se ponga fin a la violencia, se detenga la destrucci\u00f3n y se abran los corazones al di\u00e1logo y a la paz. Espero que los esfuerzos realizados estos d\u00edas para reanudar las negociaciones den frutos concretos y abran un espacio para la diplomacia.<\/p>\n\n\n\n<p>Elevemos nuestra oraci\u00f3n al Se\u00f1or, para que prevalezca la concordia en todos los conflictos del mundo.<\/p>\n\n\n\n<p>Les doy la bienvenida a todos ustedes, romanos y peregrinos provenientes de distintos pa\u00edses. \u00a1Gracias por estar aqu\u00ed!<\/p>\n\n\n\n<p>De manera especial saludo a la comunidad del seminario interdiocesano \u201c<em>Studienhaus Sankt Lambert<\/em>\u201d de Lantershofen (Alemania).<\/p>\n\n\n\n<p>Recibo con alegr\u00eda a la peregrinaci\u00f3n de la Parroquia de San Ulrico Obispo de Muestre (Treviso); as\u00ed como tambi\u00e9n al Coro diocesano de la Di\u00f3cesis de Oppido Mamertina-Palmi, acompa\u00f1ado del Obispo.<\/p>\n\n\n\n<p>Mientras retomamos poco a poco nuestras actividades habituales tras las vacaciones de verano, pidamos al Se\u00f1or que nos acompa\u00f1e y nos sostenga con su luz.<\/p>\n\n\n\n<p>\u00a1Les deseo a todos un feliz domingo!<\/p>\n","protected":false},"excerpt":{"rendered":"<p>PAPA LE\u00d3N XIV | Sin la fe, cualquiera podr\u00eda sentirse solo y sospechar de los dem\u00e1s, vi\u00e9ndolos como extra\u00f1os y enemigos, as\u00ed lo expreso el Santo Padre al compartir su mensaje antes de recitar la oraci\u00f3n mariana del \u00c1ngelus. Antes del mediod\u00eda de hoy, Su Santidad Le\u00f3n XIV se presentaba en la ventana del Estudio [&hellip;]<\/p>\n","protected":false},"author":6,"featured_media":245618,"comment_status":"open","ping_status":"closed","sticky":false,"template":"","format":"standard","meta":{"_et_pb_use_builder":"off","_et_pb_old_content":"","_et_gb_content_width":"","footnotes":""},"categories":[82],"tags":[90,740,18,58],"class_list":["post-249716","post","type-post","status-publish","format-standard","has-post-thumbnail","hentry","category-vatiano","tag-angelus","tag-leonxiv","tag-obispado-castrense-de-argentina","tag-santa-sede"],"_links":{"self":[{"href":"https:\/\/www.obispadocastrenseargentina.org\/contenidos\/wp-json\/wp\/v2\/posts\/249716","targetHints":{"allow":["GET"]}}],"collection":[{"href":"https:\/\/www.obispadocastrenseargentina.org\/contenidos\/wp-json\/wp\/v2\/posts"}],"about":[{"href":"https:\/\/www.obispadocastrenseargentina.org\/contenidos\/wp-json\/wp\/v2\/types\/post"}],"author":[{"embeddable":true,"href":"https:\/\/www.obispadocastrenseargentina.org\/contenidos\/wp-json\/wp\/v2\/users\/6"}],"replies":[{"embeddable":true,"href":"https:\/\/www.obispadocastrenseargentina.org\/contenidos\/wp-json\/wp\/v2\/comments?post=249716"}],"version-history":[{"count":1,"href":"https:\/\/www.obispadocastrenseargentina.org\/contenidos\/wp-json\/wp\/v2\/posts\/249716\/revisions"}],"predecessor-version":[{"id":249717,"href":"https:\/\/www.obispadocastrenseargentina.org\/contenidos\/wp-json\/wp\/v2\/posts\/249716\/revisions\/249717"}],"wp:featuredmedia":[{"embeddable":true,"href":"https:\/\/www.obispadocastrenseargentina.org\/contenidos\/wp-json\/wp\/v2\/media\/245618"}],"wp:attachment":[{"href":"https:\/\/www.obispadocastrenseargentina.org\/contenidos\/wp-json\/wp\/v2\/media?parent=249716"}],"wp:term":[{"taxonomy":"category","embeddable":true,"href":"https:\/\/www.obispadocastrenseargentina.org\/contenidos\/wp-json\/wp\/v2\/categories?post=249716"},{"taxonomy":"post_tag","embeddable":true,"href":"https:\/\/www.obispadocastrenseargentina.org\/contenidos\/wp-json\/wp\/v2\/tags?post=249716"}],"curies":[{"name":"wp","href":"https:\/\/api.w.org\/{rel}","templated":true}]}}