{"id":249718,"date":"2026-09-06T08:54:11","date_gmt":"2026-09-06T11:54:11","guid":{"rendered":"https:\/\/www.obispadocastrenseargentina.org\/contenidos\/?p=249718"},"modified":"2026-09-06T08:54:11","modified_gmt":"2026-09-06T11:54:11","slug":"tierra-del-fuego-senor-con-confianza-de-hijos-te-pedimos-tu-abundante-bendicion-sobre-el-personal-de-la-psa-que-integra-la-flamante-region-vi","status":"publish","type":"post","link":"https:\/\/www.obispadocastrenseargentina.org\/contenidos\/tierra-del-fuego-senor-con-confianza-de-hijos-te-pedimos-tu-abundante-bendicion-sobre-el-personal-de-la-psa-que-integra-la-flamante-region-vi\/","title":{"rendered":"TIERRA DEL FUEGO | Se\u00f1or, con confianza de hijos te pedimos tu abundante bendici\u00f3n sobre el personal de la PSA que integra la flamante Regi\u00f3n VI"},"content":{"rendered":"\n<p><strong>TIERRA DEL FUEGO | Se\u00f1or, con confianza de hijos te pedimos tu abundante bendici\u00f3n sobre el personal de la PSA que integra la flamante Regi\u00f3n VI<\/strong>, as\u00ed lo pidi\u00f3 el Capell\u00e1n Mayor de la Polic\u00eda de Seguridad Aeroportuaria (PSA), Padre Rub\u00e9n Bonacina al compartir la invocaci\u00f3n religiosa en la inauguraci\u00f3n de la Unidad Regional de Seguridad Aeroportuaria (URSA) VI de la Patagonia Austral en la ciudad de Ushuaia. El acto, se desarroll\u00f3 frente a las instalaciones de la nueva unidad, el 28 de agosto \u00faltimo, fue presidido por la Ministro de Seguridad Nacional, Alejandra Monteoliva quien estuvo acompa\u00f1ada por el Director Nacional de la PSA, Carlos Tonelli Banfi, la Subdirectora Nacional, Comisionada General Lorena Andersch, el Jefe interino de la URSA VI, Comisionado Mayor, Jes\u00fas Rodrigo Cuello, el Subjefe, Comisionado Mayor Adri\u00e1n Cardozo, el Capell\u00e1n Mayor de la PSA, Padre Bonacina.<\/p>\n\n\n\n<p>Estuvieron tambi\u00e9n presentes el Jefe de Gabinete del Gobierno de Tierra del Fuego, Ant\u00e1rtida e Islas del Atl\u00e1ntico Sur, Jorge Canals, el Subsecretario de Articulaci\u00f3n Federal, Enrique Braun del Corral, efectivos de la Fuerza e invitados. El Capell\u00e1n Mayor de la PSA, al rezar pidi\u00f3 a Dios, <strong><em>\u201choy con confianza de hijos te pedimos tu abundante bendici\u00f3n sobre el personal de la Polic\u00eda de Seguridad Aeroportuaria que integra la flamante Regi\u00f3n VI. Que busquen en Ti la fuerza espiritual para servir a los ciudadanos y la Patria\u201d.<\/em><\/strong><\/p>\n\n\n\n<p>Finamente, agreg\u00f3, <strong><em>\u201cque llamen e invoquen a la Virgen del Buen Viaje, para que nuestra Patrona les abra cada d\u00eda el camino de la felicidad, los cuide y adem\u00e1s proteja a sus familias como ellos lo hacen con nosotros en cada guardia, en cada oficina, en cada allanamiento o misi\u00f3n que se encomienda a la PSA. Te lo pedimos por Jesucristo, Nuestro Se\u00f1or\u201d.<\/em><\/strong> &nbsp;<\/p>\n\n\n\n<figure class=\"wp-block-gallery has-nested-images columns-default is-cropped wp-block-gallery-1 is-layout-flex wp-block-gallery-is-layout-flex\">\n<figure class=\"wp-block-image size-large\"><a href=\"https:\/\/www.obispadocastrenseargentina.org\/contenidos\/wp-content\/uploads\/2026\/09\/ObispadoCastrenseArg_ActoPSA-TdF-04.jpg\"><img loading=\"lazy\" decoding=\"async\" width=\"567\" height=\"423\" data-id=\"249719\" src=\"https:\/\/www.obispadocastrenseargentina.org\/contenidos\/wp-content\/uploads\/2026\/09\/ObispadoCastrenseArg_ActoPSA-TdF-04.jpg\" alt=\"\" class=\"wp-image-249719\" srcset=\"https:\/\/www.obispadocastrenseargentina.org\/contenidos\/wp-content\/uploads\/2026\/09\/ObispadoCastrenseArg_ActoPSA-TdF-04.jpg 567w, https:\/\/www.obispadocastrenseargentina.org\/contenidos\/wp-content\/uploads\/2026\/09\/ObispadoCastrenseArg_ActoPSA-TdF-04-480x358.jpg 480w\" sizes=\"(min-width: 0px) and (max-width: 480px) 480px, (min-width: 481px) 567px, 100vw\" \/><\/a><\/figure>\n\n\n\n<figure class=\"wp-block-image size-large\"><a href=\"https:\/\/www.obispadocastrenseargentina.org\/contenidos\/wp-content\/uploads\/2026\/09\/ObispadoCastrenseArg_ActoPSA-TdF-03.jpg\"><img loading=\"lazy\" decoding=\"async\" width=\"567\" height=\"423\" data-id=\"249720\" src=\"https:\/\/www.obispadocastrenseargentina.org\/contenidos\/wp-content\/uploads\/2026\/09\/ObispadoCastrenseArg_ActoPSA-TdF-03.jpg\" alt=\"\" class=\"wp-image-249720\" srcset=\"https:\/\/www.obispadocastrenseargentina.org\/contenidos\/wp-content\/uploads\/2026\/09\/ObispadoCastrenseArg_ActoPSA-TdF-03.jpg 567w, https:\/\/www.obispadocastrenseargentina.org\/contenidos\/wp-content\/uploads\/2026\/09\/ObispadoCastrenseArg_ActoPSA-TdF-03-480x358.jpg 480w\" sizes=\"(min-width: 0px) and (max-width: 480px) 480px, (min-width: 481px) 567px, 100vw\" \/><\/a><\/figure>\n\n\n\n<figure class=\"wp-block-image size-large\"><a href=\"https:\/\/www.obispadocastrenseargentina.org\/contenidos\/wp-content\/uploads\/2026\/09\/ObispadoCastrenseArg_ActoPSA-TdF-02.jpg\"><img loading=\"lazy\" decoding=\"async\" width=\"567\" height=\"423\" data-id=\"249723\" src=\"https:\/\/www.obispadocastrenseargentina.org\/contenidos\/wp-content\/uploads\/2026\/09\/ObispadoCastrenseArg_ActoPSA-TdF-02.jpg\" alt=\"\" class=\"wp-image-249723\" srcset=\"https:\/\/www.obispadocastrenseargentina.org\/contenidos\/wp-content\/uploads\/2026\/09\/ObispadoCastrenseArg_ActoPSA-TdF-02.jpg 567w, https:\/\/www.obispadocastrenseargentina.org\/contenidos\/wp-content\/uploads\/2026\/09\/ObispadoCastrenseArg_ActoPSA-TdF-02-480x358.jpg 480w\" sizes=\"(min-width: 0px) and (max-width: 480px) 480px, (min-width: 481px) 567px, 100vw\" \/><\/a><\/figure>\n\n\n\n<figure class=\"wp-block-image size-large\"><a href=\"https:\/\/www.obispadocastrenseargentina.org\/contenidos\/wp-content\/uploads\/2026\/09\/ObispadoCastrenseArg_ActoPSA-TdF-01.jpg\"><img loading=\"lazy\" decoding=\"async\" width=\"567\" height=\"423\" data-id=\"249721\" src=\"https:\/\/www.obispadocastrenseargentina.org\/contenidos\/wp-content\/uploads\/2026\/09\/ObispadoCastrenseArg_ActoPSA-TdF-01.jpg\" alt=\"\" class=\"wp-image-249721\" srcset=\"https:\/\/www.obispadocastrenseargentina.org\/contenidos\/wp-content\/uploads\/2026\/09\/ObispadoCastrenseArg_ActoPSA-TdF-01.jpg 567w, https:\/\/www.obispadocastrenseargentina.org\/contenidos\/wp-content\/uploads\/2026\/09\/ObispadoCastrenseArg_ActoPSA-TdF-01-480x358.jpg 480w\" sizes=\"(min-width: 0px) and (max-width: 480px) 480px, (min-width: 481px) 567px, 100vw\" \/><\/a><\/figure>\n\n\n\n<figure class=\"wp-block-image size-large\"><a href=\"https:\/\/www.obispadocastrenseargentina.org\/contenidos\/wp-content\/uploads\/2026\/09\/ObispadoCastrenseArg_ActoPSA-TdF-00.jpg\"><img loading=\"lazy\" decoding=\"async\" width=\"567\" height=\"423\" data-id=\"249722\" src=\"https:\/\/www.obispadocastrenseargentina.org\/contenidos\/wp-content\/uploads\/2026\/09\/ObispadoCastrenseArg_ActoPSA-TdF-00.jpg\" alt=\"\" class=\"wp-image-249722\" srcset=\"https:\/\/www.obispadocastrenseargentina.org\/contenidos\/wp-content\/uploads\/2026\/09\/ObispadoCastrenseArg_ActoPSA-TdF-00.jpg 567w, https:\/\/www.obispadocastrenseargentina.org\/contenidos\/wp-content\/uploads\/2026\/09\/ObispadoCastrenseArg_ActoPSA-TdF-00-480x358.jpg 480w\" sizes=\"(min-width: 0px) and (max-width: 480px) 480px, (min-width: 481px) 567px, 100vw\" \/><\/a><\/figure>\n<\/figure>\n\n\n\n<p>A continuaci\u00f3n, compartimos en forma completa la Invocaci\u00f3n Religiosa compartida por el Capell\u00e1n Mayor de la PSA, Padre Rub\u00e9n Bonacina:<\/p>\n\n\n\n<p class=\"has-text-align-center\"><strong>INVOCACI\u00d3N RELIGIOSA<\/strong><\/p>\n\n\n\n<p>Inauguraci\u00f3n y puesta en funcionamiento de la Unidad Regional de Seguridad Aeroportuaria VI Patagonia Austral<\/p>\n\n\n\n<p>Dios misericordioso, tu Hijo Jes\u00fas nos dice en el Evangelio: <em>\u00abTambi\u00e9n les aseguro: pidan y se les dar\u00e1, busquen y encontrar\u00e1n, llamen y se les abrir\u00e1\u00bb.<\/em><\/p>\n\n\n\n<p>Hoy con confianza de hijos te pedimos tu abundante bendici\u00f3n sobre el personal de la Polic\u00eda de Seguridad Aeroportuaria que integra la flamante Regi\u00f3n VI. Que busquen en Ti la fuerza espiritual para servir a los ciudadanos y la Patria con profesionalismo, integridad moral y esp\u00edritu de servicio.<\/p>\n\n\n\n<p>Que llamen e invoquen a la Virgen del Buen Viaje, para que nuestra Patrona les abra cada d\u00eda el camino de la felicidad, los cuide y adem\u00e1s proteja a sus familias como ellos lo hacen con nosotros en cada guardia, en cada oficina, en cada allanamiento o misi\u00f3n que se encomienda a la PSA. Te lo pedimos por Jesucristo, Nuestro Se\u00f1or. Am\u00e9n.-<\/p>\n","protected":false},"excerpt":{"rendered":"<p>TIERRA DEL FUEGO | Se\u00f1or, con confianza de hijos te pedimos tu abundante bendici\u00f3n sobre el personal de la PSA que integra la flamante Regi\u00f3n VI, as\u00ed lo pidi\u00f3 el Capell\u00e1n Mayor de la Polic\u00eda de Seguridad Aeroportuaria (PSA), Padre Rub\u00e9n Bonacina al compartir la invocaci\u00f3n religiosa en la inauguraci\u00f3n de la Unidad Regional de [&hellip;]<\/p>\n","protected":false},"author":6,"featured_media":249721,"comment_status":"open","ping_status":"closed","sticky":false,"template":"","format":"standard","meta":{"_et_pb_use_builder":"off","_et_pb_old_content":"","_et_gb_content_width":"","footnotes":""},"categories":[66,153],"tags":[18,154],"class_list":["post-249718","post","type-post","status-publish","format-standard","has-post-thumbnail","hentry","category-obispado-castrense-de-argentina","category-policia-de-seguridad-aeroportuaria","tag-obispado-castrense-de-argentina","tag-policia-de-seguridad-aeroportuaria"],"_links":{"self":[{"href":"https:\/\/www.obispadocastrenseargentina.org\/contenidos\/wp-json\/wp\/v2\/posts\/249718","targetHints":{"allow":["GET"]}}],"collection":[{"href":"https:\/\/www.obispadocastrenseargentina.org\/contenidos\/wp-json\/wp\/v2\/posts"}],"about":[{"href":"https:\/\/www.obispadocastrenseargentina.org\/contenidos\/wp-json\/wp\/v2\/types\/post"}],"author":[{"embeddable":true,"href":"https:\/\/www.obispadocastrenseargentina.org\/contenidos\/wp-json\/wp\/v2\/users\/6"}],"replies":[{"embeddable":true,"href":"https:\/\/www.obispadocastrenseargentina.org\/contenidos\/wp-json\/wp\/v2\/comments?post=249718"}],"version-history":[{"count":1,"href":"https:\/\/www.obispadocastrenseargentina.org\/contenidos\/wp-json\/wp\/v2\/posts\/249718\/revisions"}],"predecessor-version":[{"id":249724,"href":"https:\/\/www.obispadocastrenseargentina.org\/contenidos\/wp-json\/wp\/v2\/posts\/249718\/revisions\/249724"}],"wp:featuredmedia":[{"embeddable":true,"href":"https:\/\/www.obispadocastrenseargentina.org\/contenidos\/wp-json\/wp\/v2\/media\/249721"}],"wp:attachment":[{"href":"https:\/\/www.obispadocastrenseargentina.org\/contenidos\/wp-json\/wp\/v2\/media?parent=249718"}],"wp:term":[{"taxonomy":"category","embeddable":true,"href":"https:\/\/www.obispadocastrenseargentina.org\/contenidos\/wp-json\/wp\/v2\/categories?post=249718"},{"taxonomy":"post_tag","embeddable":true,"href":"https:\/\/www.obispadocastrenseargentina.org\/contenidos\/wp-json\/wp\/v2\/tags?post=249718"}],"curies":[{"name":"wp","href":"https:\/\/api.w.org\/{rel}","templated":true}]}}