{"id":249725,"date":"2026-09-06T09:01:38","date_gmt":"2026-09-06T12:01:38","guid":{"rendered":"https:\/\/www.obispadocastrenseargentina.org\/contenidos\/?p=249725"},"modified":"2026-09-06T09:01:39","modified_gmt":"2026-09-06T12:01:39","slug":"mons-olivera-el-espiritu-santo-ilumina-fortalece-con-sus-dones-nos-ayuda-a-vivir-con-coherencia-evangelica-y-a-ser-testigos-valientes-del-evangelio-de-jesus","status":"publish","type":"post","link":"https:\/\/www.obispadocastrenseargentina.org\/contenidos\/mons-olivera-el-espiritu-santo-ilumina-fortalece-con-sus-dones-nos-ayuda-a-vivir-con-coherencia-evangelica-y-a-ser-testigos-valientes-del-evangelio-de-jesus\/","title":{"rendered":"MONS. OLIVERA | El Esp\u00edritu Santo ilumina, fortalece con sus dones, nos ayuda a vivir con coherencia evang\u00e9lica y a ser Testigos valientes del Evangelio de Jes\u00fas"},"content":{"rendered":"\n<p><strong>MONS. OLIVERA | El Esp\u00edritu Santo ilumina, fortalece con sus dones, nos ayuda a vivir con coherencia evang\u00e9lica y a ser Testigos valientes del Evangelio de Jes\u00fas<\/strong>, as\u00ed lo expres\u00f3 el Obispo Castrense y de las Fuerzas Federales de Seguridad, <strong>Mons. Santiago Olivera<\/strong> al compartir su Homil\u00eda en la Escuela de Suboficiales de GNA, Cabo Ra\u00fal Remberto Cuello, en la ciudad de Jes\u00fas Mar\u00eda, C\u00f3rdoba. En la ma\u00f1ana del 5 de septiembre, el Obispo, llegaba acompa\u00f1ado por el Capell\u00e1n Mayor de la GNA, Padre Jorge Massut, siendo recibidos por el Capell\u00e1n Castrense, Padre Guillermo Conti y autoridades de la Escuela de Suboficiales de GNA.<\/p>\n\n\n\n<p>Presidi\u00f3 la Santa Misa, <strong>Mons. Santiago<\/strong>, concelebraron el Capell\u00e1n Mayor de la GNA, Padre Massut y el Capell\u00e1n, Padre Conti, participaron, Autoridades de la Unidad Acad\u00e9mica de GNA, efectivos de la Fuerza, Aspirantes y familiares. Durante la celebraci\u00f3n, el Obispo Castrense bautiz\u00f3 a 13 Aspirantes de GNA, confiri\u00f3 el Sacramento de Confirmaci\u00f3n a 71 Aspirantes de GNA y a 35 ni\u00f1os y ni\u00f1as hijos del personal de la Fuerza Federal de Seguridad.<\/p>\n\n\n\n<p>En su Homil\u00eda, Mons. Olivera nos dec\u00eda, <strong><em>\u201cun jud\u00edo importante que se llamaba Nicodemo le pregunt\u00f3 a Jes\u00fas: \u00bfc\u00f3mo puede un hombre nacer cuando ya es de viejo?<\/em><\/strong><\/p>\n\n\n\n<p><strong><em>Porque los que cre\u00edan, se bautizaban y abrazaban la fe, se hablaban de una nueva existencia, de nuevos criterios, ya no eran paganos ya no eran no creyentes.<\/em><\/strong><strong><em> Para vivir para siempre, hay que vivir seg\u00fan los evangelios, seg\u00fan los mandamientos, seg\u00fan la ense\u00f1anza de Jes\u00fas y, por tanto, aquel que sea bautizado era una nueva creatura\u201d.<\/em><\/strong><\/p>\n\n\n\n<p>Continuando, el Obispo agreg\u00f3, <strong><em>\u201cdec\u00edamos en la oraci\u00f3n primera, la oraci\u00f3n Colecta, \u00abque Tu promesa se cumpla en nosotros\u00bb. Y para que podamos ser ante el mundo testigos, esto es, que seamos cristianos valientes del Evangelio de Jes\u00fas no estamos solos, hemos escuchado que el Se\u00f1or manda a \u00e9l Par\u00e1clito.<\/em><\/strong><\/p>\n\n\n\n<p><strong><em>Par\u00e1clito es el Esp\u00edritu, el Esp\u00edritu de la verdad, el Esp\u00edritu del amor, es el Esp\u00edritu que nos consuela, que nos defiende, que nos fortalece y que nos trae el Esp\u00edritu Santo que viene y nos trae ayuda para que seamos cristianos en serio. El Esp\u00edritu Santo que nos ayuda, nos da todo lo que necesitamos para vivir aut\u00e9nticamente en cristiano, el Se\u00f1or no nos deja hu\u00e9rfanos, el Se\u00f1or nos acompa\u00f1a hasta el fin de los tiempos\u201d.<\/em><\/strong><strong><em><\/em><\/strong><\/p>\n\n\n\n<p>Seguidamente, <strong>Mons. Santiago<\/strong> se\u00f1alaba, <strong><em>\u201cel Se\u00f1or se entrega tambi\u00e9n como alimento. La Eucarist\u00eda es este sacramento de la fe, porque es un poco de pan y un poco de vino que en cada Misa consagramos y al hacerlo, decimos: Tomen y coman, esto es mi Cuerpo; Tomen y beban, esta es mi Sangre\u2026 \u00e9sta es nuestra fe.<\/em><\/strong><\/p>\n\n\n\n<p><strong><em>Los ojos nos enga\u00f1an, parecen un poco de pan y un poco de vino, pero sin embargo es el verdadero Cuerpo y Sangre de Jes\u00fas. Yo soy el pan de la vida -dice Jes\u00fas-, presencia real de Jes\u00fas, por eso los Sagrarios nos recuerdan esa presencia real de Jes\u00fas, el alimento de la Eucarist\u00eda es el alimento de los peregrinos, que nos hace cada vez m\u00e1s cristianos\u201d.<\/em><\/strong><strong><em><\/em><\/strong><\/p>\n\n\n\n<p>Finamente, el Obispo dijo, <strong><em>\u201c(\u2026) el Se\u00f1or toma como a sus hijos a los que se bautizan, los llama a una nueva existencia, a nuevos criterios, no los del mundo, sino para vivir los criterios del Evangelio. El Esp\u00edritu Santo ilumina, el Esp\u00edritu Santo fortalece con sus dones, el Esp\u00edritu Santo nos ayuda a vivir justamente con coherencia evang\u00e9lica y a ser Testigos valientes del Evangelio de Jes\u00fas\u201d.-<\/em><\/strong><\/p>\n\n\n\n<figure class=\"wp-block-gallery has-nested-images columns-default is-cropped wp-block-gallery-1 is-layout-flex wp-block-gallery-is-layout-flex\">\n<figure class=\"wp-block-image size-large\"><a href=\"https:\/\/www.obispadocastrenseargentina.org\/contenidos\/wp-content\/uploads\/2026\/09\/ObispadoCastrenseArg_EscGNAJesusMaria-Confirmaciones-18.jpg\"><img loading=\"lazy\" decoding=\"async\" width=\"1024\" height=\"576\" data-id=\"249730\" src=\"https:\/\/www.obispadocastrenseargentina.org\/contenidos\/wp-content\/uploads\/2026\/09\/ObispadoCastrenseArg_EscGNAJesusMaria-Confirmaciones-18-1024x576.jpg\" alt=\"\" class=\"wp-image-249730\" srcset=\"https:\/\/www.obispadocastrenseargentina.org\/contenidos\/wp-content\/uploads\/2026\/09\/ObispadoCastrenseArg_EscGNAJesusMaria-Confirmaciones-18-1024x576.jpg 1024w, https:\/\/www.obispadocastrenseargentina.org\/contenidos\/wp-content\/uploads\/2026\/09\/ObispadoCastrenseArg_EscGNAJesusMaria-Confirmaciones-18-980x551.jpg 980w, https:\/\/www.obispadocastrenseargentina.org\/contenidos\/wp-content\/uploads\/2026\/09\/ObispadoCastrenseArg_EscGNAJesusMaria-Confirmaciones-18-480x270.jpg 480w\" sizes=\"(min-width: 0px) and (max-width: 480px) 480px, (min-width: 481px) and (max-width: 980px) 980px, (min-width: 981px) 1024px, 100vw\" \/><\/a><\/figure>\n\n\n\n<figure class=\"wp-block-image size-large\"><a href=\"https:\/\/www.obispadocastrenseargentina.org\/contenidos\/wp-content\/uploads\/2026\/09\/ObispadoCastrenseArg_EscGNAJesusMaria-Confirmaciones-17.jpg\"><img loading=\"lazy\" decoding=\"async\" width=\"1024\" height=\"576\" data-id=\"249734\" src=\"https:\/\/www.obispadocastrenseargentina.org\/contenidos\/wp-content\/uploads\/2026\/09\/ObispadoCastrenseArg_EscGNAJesusMaria-Confirmaciones-17-1024x576.jpg\" alt=\"\" class=\"wp-image-249734\" srcset=\"https:\/\/www.obispadocastrenseargentina.org\/contenidos\/wp-content\/uploads\/2026\/09\/ObispadoCastrenseArg_EscGNAJesusMaria-Confirmaciones-17-1024x576.jpg 1024w, https:\/\/www.obispadocastrenseargentina.org\/contenidos\/wp-content\/uploads\/2026\/09\/ObispadoCastrenseArg_EscGNAJesusMaria-Confirmaciones-17-980x551.jpg 980w, https:\/\/www.obispadocastrenseargentina.org\/contenidos\/wp-content\/uploads\/2026\/09\/ObispadoCastrenseArg_EscGNAJesusMaria-Confirmaciones-17-480x270.jpg 480w\" sizes=\"(min-width: 0px) and (max-width: 480px) 480px, (min-width: 481px) and (max-width: 980px) 980px, (min-width: 981px) 1024px, 100vw\" \/><\/a><\/figure>\n\n\n\n<figure class=\"wp-block-image size-large\"><a href=\"https:\/\/www.obispadocastrenseargentina.org\/contenidos\/wp-content\/uploads\/2026\/09\/ObispadoCastrenseArg_EscGNAJesusMaria-Confirmaciones-16.jpg\"><img loading=\"lazy\" decoding=\"async\" width=\"1024\" height=\"576\" data-id=\"249728\" src=\"https:\/\/www.obispadocastrenseargentina.org\/contenidos\/wp-content\/uploads\/2026\/09\/ObispadoCastrenseArg_EscGNAJesusMaria-Confirmaciones-16-1024x576.jpg\" alt=\"\" class=\"wp-image-249728\" srcset=\"https:\/\/www.obispadocastrenseargentina.org\/contenidos\/wp-content\/uploads\/2026\/09\/ObispadoCastrenseArg_EscGNAJesusMaria-Confirmaciones-16-1024x576.jpg 1024w, https:\/\/www.obispadocastrenseargentina.org\/contenidos\/wp-content\/uploads\/2026\/09\/ObispadoCastrenseArg_EscGNAJesusMaria-Confirmaciones-16-980x551.jpg 980w, https:\/\/www.obispadocastrenseargentina.org\/contenidos\/wp-content\/uploads\/2026\/09\/ObispadoCastrenseArg_EscGNAJesusMaria-Confirmaciones-16-480x270.jpg 480w\" sizes=\"(min-width: 0px) and (max-width: 480px) 480px, (min-width: 481px) and (max-width: 980px) 980px, (min-width: 981px) 1024px, 100vw\" \/><\/a><\/figure>\n\n\n\n<figure class=\"wp-block-image size-large\"><a href=\"https:\/\/www.obispadocastrenseargentina.org\/contenidos\/wp-content\/uploads\/2026\/09\/ObispadoCastrenseArg_EscGNAJesusMaria-Confirmaciones-15.jpg\"><img loading=\"lazy\" decoding=\"async\" width=\"1024\" height=\"576\" data-id=\"249727\" src=\"https:\/\/www.obispadocastrenseargentina.org\/contenidos\/wp-content\/uploads\/2026\/09\/ObispadoCastrenseArg_EscGNAJesusMaria-Confirmaciones-15-1024x576.jpg\" alt=\"\" class=\"wp-image-249727\" srcset=\"https:\/\/www.obispadocastrenseargentina.org\/contenidos\/wp-content\/uploads\/2026\/09\/ObispadoCastrenseArg_EscGNAJesusMaria-Confirmaciones-15-1024x576.jpg 1024w, https:\/\/www.obispadocastrenseargentina.org\/contenidos\/wp-content\/uploads\/2026\/09\/ObispadoCastrenseArg_EscGNAJesusMaria-Confirmaciones-15-980x551.jpg 980w, https:\/\/www.obispadocastrenseargentina.org\/contenidos\/wp-content\/uploads\/2026\/09\/ObispadoCastrenseArg_EscGNAJesusMaria-Confirmaciones-15-480x270.jpg 480w\" sizes=\"(min-width: 0px) and (max-width: 480px) 480px, (min-width: 481px) and (max-width: 980px) 980px, (min-width: 981px) 1024px, 100vw\" \/><\/a><\/figure>\n\n\n\n<figure class=\"wp-block-image size-large\"><a href=\"https:\/\/www.obispadocastrenseargentina.org\/contenidos\/wp-content\/uploads\/2026\/09\/ObispadoCastrenseArg_EscGNAJesusMaria-Confirmaciones-14.jpg\"><img loading=\"lazy\" decoding=\"async\" width=\"1024\" height=\"576\" data-id=\"249735\" src=\"https:\/\/www.obispadocastrenseargentina.org\/contenidos\/wp-content\/uploads\/2026\/09\/ObispadoCastrenseArg_EscGNAJesusMaria-Confirmaciones-14-1024x576.jpg\" alt=\"\" class=\"wp-image-249735\" srcset=\"https:\/\/www.obispadocastrenseargentina.org\/contenidos\/wp-content\/uploads\/2026\/09\/ObispadoCastrenseArg_EscGNAJesusMaria-Confirmaciones-14-1024x576.jpg 1024w, https:\/\/www.obispadocastrenseargentina.org\/contenidos\/wp-content\/uploads\/2026\/09\/ObispadoCastrenseArg_EscGNAJesusMaria-Confirmaciones-14-980x551.jpg 980w, https:\/\/www.obispadocastrenseargentina.org\/contenidos\/wp-content\/uploads\/2026\/09\/ObispadoCastrenseArg_EscGNAJesusMaria-Confirmaciones-14-480x270.jpg 480w\" sizes=\"(min-width: 0px) and (max-width: 480px) 480px, (min-width: 481px) and (max-width: 980px) 980px, (min-width: 981px) 1024px, 100vw\" \/><\/a><\/figure>\n\n\n\n<figure class=\"wp-block-image size-large\"><a href=\"https:\/\/www.obispadocastrenseargentina.org\/contenidos\/wp-content\/uploads\/2026\/09\/ObispadoCastrenseArg_EscGNAJesusMaria-Confirmaciones-13.jpg\"><img loading=\"lazy\" decoding=\"async\" width=\"1024\" height=\"576\" data-id=\"249737\" src=\"https:\/\/www.obispadocastrenseargentina.org\/contenidos\/wp-content\/uploads\/2026\/09\/ObispadoCastrenseArg_EscGNAJesusMaria-Confirmaciones-13-1024x576.jpg\" alt=\"\" class=\"wp-image-249737\" srcset=\"https:\/\/www.obispadocastrenseargentina.org\/contenidos\/wp-content\/uploads\/2026\/09\/ObispadoCastrenseArg_EscGNAJesusMaria-Confirmaciones-13-1024x576.jpg 1024w, https:\/\/www.obispadocastrenseargentina.org\/contenidos\/wp-content\/uploads\/2026\/09\/ObispadoCastrenseArg_EscGNAJesusMaria-Confirmaciones-13-980x551.jpg 980w, https:\/\/www.obispadocastrenseargentina.org\/contenidos\/wp-content\/uploads\/2026\/09\/ObispadoCastrenseArg_EscGNAJesusMaria-Confirmaciones-13-480x270.jpg 480w\" sizes=\"(min-width: 0px) and (max-width: 480px) 480px, (min-width: 481px) and (max-width: 980px) 980px, (min-width: 981px) 1024px, 100vw\" \/><\/a><\/figure>\n\n\n\n<figure class=\"wp-block-image size-large\"><a href=\"https:\/\/www.obispadocastrenseargentina.org\/contenidos\/wp-content\/uploads\/2026\/09\/ObispadoCastrenseArg_EscGNAJesusMaria-Confirmaciones-12.jpg\"><img loading=\"lazy\" decoding=\"async\" width=\"1024\" height=\"576\" data-id=\"249736\" src=\"https:\/\/www.obispadocastrenseargentina.org\/contenidos\/wp-content\/uploads\/2026\/09\/ObispadoCastrenseArg_EscGNAJesusMaria-Confirmaciones-12-1024x576.jpg\" alt=\"\" class=\"wp-image-249736\" srcset=\"https:\/\/www.obispadocastrenseargentina.org\/contenidos\/wp-content\/uploads\/2026\/09\/ObispadoCastrenseArg_EscGNAJesusMaria-Confirmaciones-12-1024x576.jpg 1024w, https:\/\/www.obispadocastrenseargentina.org\/contenidos\/wp-content\/uploads\/2026\/09\/ObispadoCastrenseArg_EscGNAJesusMaria-Confirmaciones-12-980x551.jpg 980w, https:\/\/www.obispadocastrenseargentina.org\/contenidos\/wp-content\/uploads\/2026\/09\/ObispadoCastrenseArg_EscGNAJesusMaria-Confirmaciones-12-480x270.jpg 480w\" sizes=\"(min-width: 0px) and (max-width: 480px) 480px, (min-width: 481px) and (max-width: 980px) 980px, (min-width: 981px) 1024px, 100vw\" \/><\/a><\/figure>\n\n\n\n<figure class=\"wp-block-image size-large\"><a href=\"https:\/\/www.obispadocastrenseargentina.org\/contenidos\/wp-content\/uploads\/2026\/09\/ObispadoCastrenseArg_EscGNAJesusMaria-Confirmaciones-11.jpg\"><img loading=\"lazy\" decoding=\"async\" width=\"1024\" height=\"576\" data-id=\"249732\" src=\"https:\/\/www.obispadocastrenseargentina.org\/contenidos\/wp-content\/uploads\/2026\/09\/ObispadoCastrenseArg_EscGNAJesusMaria-Confirmaciones-11-1024x576.jpg\" alt=\"\" class=\"wp-image-249732\" srcset=\"https:\/\/www.obispadocastrenseargentina.org\/contenidos\/wp-content\/uploads\/2026\/09\/ObispadoCastrenseArg_EscGNAJesusMaria-Confirmaciones-11-1024x576.jpg 1024w, https:\/\/www.obispadocastrenseargentina.org\/contenidos\/wp-content\/uploads\/2026\/09\/ObispadoCastrenseArg_EscGNAJesusMaria-Confirmaciones-11-980x551.jpg 980w, https:\/\/www.obispadocastrenseargentina.org\/contenidos\/wp-content\/uploads\/2026\/09\/ObispadoCastrenseArg_EscGNAJesusMaria-Confirmaciones-11-480x270.jpg 480w\" sizes=\"(min-width: 0px) and (max-width: 480px) 480px, (min-width: 481px) and (max-width: 980px) 980px, (min-width: 981px) 1024px, 100vw\" \/><\/a><\/figure>\n\n\n\n<figure class=\"wp-block-image size-large\"><a href=\"https:\/\/www.obispadocastrenseargentina.org\/contenidos\/wp-content\/uploads\/2026\/09\/ObispadoCastrenseArg_EscGNAJesusMaria-Confirmaciones-10.jpg\"><img loading=\"lazy\" decoding=\"async\" width=\"1024\" height=\"576\" data-id=\"249729\" src=\"https:\/\/www.obispadocastrenseargentina.org\/contenidos\/wp-content\/uploads\/2026\/09\/ObispadoCastrenseArg_EscGNAJesusMaria-Confirmaciones-10-1024x576.jpg\" alt=\"\" class=\"wp-image-249729\" srcset=\"https:\/\/www.obispadocastrenseargentina.org\/contenidos\/wp-content\/uploads\/2026\/09\/ObispadoCastrenseArg_EscGNAJesusMaria-Confirmaciones-10-1024x576.jpg 1024w, https:\/\/www.obispadocastrenseargentina.org\/contenidos\/wp-content\/uploads\/2026\/09\/ObispadoCastrenseArg_EscGNAJesusMaria-Confirmaciones-10-980x551.jpg 980w, https:\/\/www.obispadocastrenseargentina.org\/contenidos\/wp-content\/uploads\/2026\/09\/ObispadoCastrenseArg_EscGNAJesusMaria-Confirmaciones-10-480x270.jpg 480w\" sizes=\"(min-width: 0px) and (max-width: 480px) 480px, (min-width: 481px) and (max-width: 980px) 980px, (min-width: 981px) 1024px, 100vw\" \/><\/a><\/figure>\n\n\n\n<figure class=\"wp-block-image size-large\"><a href=\"https:\/\/www.obispadocastrenseargentina.org\/contenidos\/wp-content\/uploads\/2026\/09\/ObispadoCastrenseArg_EscGNAJesusMaria-Confirmaciones-09.jpg\"><img loading=\"lazy\" decoding=\"async\" width=\"1024\" height=\"576\" data-id=\"249726\" src=\"https:\/\/www.obispadocastrenseargentina.org\/contenidos\/wp-content\/uploads\/2026\/09\/ObispadoCastrenseArg_EscGNAJesusMaria-Confirmaciones-09-1024x576.jpg\" alt=\"\" class=\"wp-image-249726\" srcset=\"https:\/\/www.obispadocastrenseargentina.org\/contenidos\/wp-content\/uploads\/2026\/09\/ObispadoCastrenseArg_EscGNAJesusMaria-Confirmaciones-09-1024x576.jpg 1024w, https:\/\/www.obispadocastrenseargentina.org\/contenidos\/wp-content\/uploads\/2026\/09\/ObispadoCastrenseArg_EscGNAJesusMaria-Confirmaciones-09-980x551.jpg 980w, https:\/\/www.obispadocastrenseargentina.org\/contenidos\/wp-content\/uploads\/2026\/09\/ObispadoCastrenseArg_EscGNAJesusMaria-Confirmaciones-09-480x270.jpg 480w\" sizes=\"(min-width: 0px) and (max-width: 480px) 480px, (min-width: 481px) and (max-width: 980px) 980px, (min-width: 981px) 1024px, 100vw\" \/><\/a><\/figure>\n\n\n\n<figure class=\"wp-block-image size-large\"><a href=\"https:\/\/www.obispadocastrenseargentina.org\/contenidos\/wp-content\/uploads\/2026\/09\/ObispadoCastrenseArg_EscGNAJesusMaria-Confirmaciones-08.jpg\"><img loading=\"lazy\" decoding=\"async\" width=\"1024\" height=\"576\" data-id=\"249733\" src=\"https:\/\/www.obispadocastrenseargentina.org\/contenidos\/wp-content\/uploads\/2026\/09\/ObispadoCastrenseArg_EscGNAJesusMaria-Confirmaciones-08-1024x576.jpg\" alt=\"\" class=\"wp-image-249733\" srcset=\"https:\/\/www.obispadocastrenseargentina.org\/contenidos\/wp-content\/uploads\/2026\/09\/ObispadoCastrenseArg_EscGNAJesusMaria-Confirmaciones-08-1024x576.jpg 1024w, https:\/\/www.obispadocastrenseargentina.org\/contenidos\/wp-content\/uploads\/2026\/09\/ObispadoCastrenseArg_EscGNAJesusMaria-Confirmaciones-08-980x551.jpg 980w, https:\/\/www.obispadocastrenseargentina.org\/contenidos\/wp-content\/uploads\/2026\/09\/ObispadoCastrenseArg_EscGNAJesusMaria-Confirmaciones-08-480x270.jpg 480w\" sizes=\"(min-width: 0px) and (max-width: 480px) 480px, (min-width: 481px) and (max-width: 980px) 980px, (min-width: 981px) 1024px, 100vw\" \/><\/a><\/figure>\n\n\n\n<figure class=\"wp-block-image size-large\"><a href=\"https:\/\/www.obispadocastrenseargentina.org\/contenidos\/wp-content\/uploads\/2026\/09\/ObispadoCastrenseArg_EscGNAJesusMaria-Confirmaciones-07.jpg\"><img loading=\"lazy\" decoding=\"async\" width=\"1024\" height=\"576\" data-id=\"249731\" src=\"https:\/\/www.obispadocastrenseargentina.org\/contenidos\/wp-content\/uploads\/2026\/09\/ObispadoCastrenseArg_EscGNAJesusMaria-Confirmaciones-07-1024x576.jpg\" alt=\"\" class=\"wp-image-249731\" srcset=\"https:\/\/www.obispadocastrenseargentina.org\/contenidos\/wp-content\/uploads\/2026\/09\/ObispadoCastrenseArg_EscGNAJesusMaria-Confirmaciones-07-1024x576.jpg 1024w, https:\/\/www.obispadocastrenseargentina.org\/contenidos\/wp-content\/uploads\/2026\/09\/ObispadoCastrenseArg_EscGNAJesusMaria-Confirmaciones-07-980x551.jpg 980w, https:\/\/www.obispadocastrenseargentina.org\/contenidos\/wp-content\/uploads\/2026\/09\/ObispadoCastrenseArg_EscGNAJesusMaria-Confirmaciones-07-480x270.jpg 480w\" sizes=\"(min-width: 0px) and (max-width: 480px) 480px, (min-width: 481px) and (max-width: 980px) 980px, (min-width: 981px) 1024px, 100vw\" \/><\/a><\/figure>\n\n\n\n<figure class=\"wp-block-image size-large\"><a href=\"https:\/\/www.obispadocastrenseargentina.org\/contenidos\/wp-content\/uploads\/2026\/09\/ObispadoCastrenseArg_EscGNAJesusMaria-Confirmaciones-06.jpg\"><img loading=\"lazy\" decoding=\"async\" width=\"1024\" height=\"576\" data-id=\"249738\" src=\"https:\/\/www.obispadocastrenseargentina.org\/contenidos\/wp-content\/uploads\/2026\/09\/ObispadoCastrenseArg_EscGNAJesusMaria-Confirmaciones-06-1024x576.jpg\" alt=\"\" class=\"wp-image-249738\" srcset=\"https:\/\/www.obispadocastrenseargentina.org\/contenidos\/wp-content\/uploads\/2026\/09\/ObispadoCastrenseArg_EscGNAJesusMaria-Confirmaciones-06-1024x576.jpg 1024w, https:\/\/www.obispadocastrenseargentina.org\/contenidos\/wp-content\/uploads\/2026\/09\/ObispadoCastrenseArg_EscGNAJesusMaria-Confirmaciones-06-980x551.jpg 980w, https:\/\/www.obispadocastrenseargentina.org\/contenidos\/wp-content\/uploads\/2026\/09\/ObispadoCastrenseArg_EscGNAJesusMaria-Confirmaciones-06-480x270.jpg 480w\" sizes=\"(min-width: 0px) and (max-width: 480px) 480px, (min-width: 481px) and (max-width: 980px) 980px, (min-width: 981px) 1024px, 100vw\" \/><\/a><\/figure>\n\n\n\n<figure class=\"wp-block-image size-large\"><a href=\"https:\/\/www.obispadocastrenseargentina.org\/contenidos\/wp-content\/uploads\/2026\/09\/ObispadoCastrenseArg_EscGNAJesusMaria-Confirmaciones-05.jpg\"><img loading=\"lazy\" decoding=\"async\" width=\"1024\" height=\"576\" data-id=\"249744\" src=\"https:\/\/www.obispadocastrenseargentina.org\/contenidos\/wp-content\/uploads\/2026\/09\/ObispadoCastrenseArg_EscGNAJesusMaria-Confirmaciones-05-1024x576.jpg\" alt=\"\" class=\"wp-image-249744\" srcset=\"https:\/\/www.obispadocastrenseargentina.org\/contenidos\/wp-content\/uploads\/2026\/09\/ObispadoCastrenseArg_EscGNAJesusMaria-Confirmaciones-05-1024x576.jpg 1024w, https:\/\/www.obispadocastrenseargentina.org\/contenidos\/wp-content\/uploads\/2026\/09\/ObispadoCastrenseArg_EscGNAJesusMaria-Confirmaciones-05-980x551.jpg 980w, https:\/\/www.obispadocastrenseargentina.org\/contenidos\/wp-content\/uploads\/2026\/09\/ObispadoCastrenseArg_EscGNAJesusMaria-Confirmaciones-05-480x270.jpg 480w\" sizes=\"(min-width: 0px) and (max-width: 480px) 480px, (min-width: 481px) and (max-width: 980px) 980px, (min-width: 981px) 1024px, 100vw\" \/><\/a><\/figure>\n\n\n\n<figure class=\"wp-block-image size-large\"><a href=\"https:\/\/www.obispadocastrenseargentina.org\/contenidos\/wp-content\/uploads\/2026\/09\/ObispadoCastrenseArg_EscGNAJesusMaria-Confirmaciones-04.jpg\"><img loading=\"lazy\" decoding=\"async\" width=\"1024\" height=\"576\" data-id=\"249743\" src=\"https:\/\/www.obispadocastrenseargentina.org\/contenidos\/wp-content\/uploads\/2026\/09\/ObispadoCastrenseArg_EscGNAJesusMaria-Confirmaciones-04-1024x576.jpg\" alt=\"\" class=\"wp-image-249743\" srcset=\"https:\/\/www.obispadocastrenseargentina.org\/contenidos\/wp-content\/uploads\/2026\/09\/ObispadoCastrenseArg_EscGNAJesusMaria-Confirmaciones-04-1024x576.jpg 1024w, https:\/\/www.obispadocastrenseargentina.org\/contenidos\/wp-content\/uploads\/2026\/09\/ObispadoCastrenseArg_EscGNAJesusMaria-Confirmaciones-04-980x551.jpg 980w, https:\/\/www.obispadocastrenseargentina.org\/contenidos\/wp-content\/uploads\/2026\/09\/ObispadoCastrenseArg_EscGNAJesusMaria-Confirmaciones-04-480x270.jpg 480w\" sizes=\"(min-width: 0px) and (max-width: 480px) 480px, (min-width: 481px) and (max-width: 980px) 980px, (min-width: 981px) 1024px, 100vw\" \/><\/a><\/figure>\n\n\n\n<figure class=\"wp-block-image size-large\"><a href=\"https:\/\/www.obispadocastrenseargentina.org\/contenidos\/wp-content\/uploads\/2026\/09\/ObispadoCastrenseArg_EscGNAJesusMaria-Confirmaciones-03.jpg\"><img loading=\"lazy\" decoding=\"async\" width=\"1024\" height=\"576\" data-id=\"249740\" src=\"https:\/\/www.obispadocastrenseargentina.org\/contenidos\/wp-content\/uploads\/2026\/09\/ObispadoCastrenseArg_EscGNAJesusMaria-Confirmaciones-03-1024x576.jpg\" alt=\"\" class=\"wp-image-249740\" srcset=\"https:\/\/www.obispadocastrenseargentina.org\/contenidos\/wp-content\/uploads\/2026\/09\/ObispadoCastrenseArg_EscGNAJesusMaria-Confirmaciones-03-1024x576.jpg 1024w, https:\/\/www.obispadocastrenseargentina.org\/contenidos\/wp-content\/uploads\/2026\/09\/ObispadoCastrenseArg_EscGNAJesusMaria-Confirmaciones-03-980x551.jpg 980w, https:\/\/www.obispadocastrenseargentina.org\/contenidos\/wp-content\/uploads\/2026\/09\/ObispadoCastrenseArg_EscGNAJesusMaria-Confirmaciones-03-480x270.jpg 480w\" sizes=\"(min-width: 0px) and (max-width: 480px) 480px, (min-width: 481px) and (max-width: 980px) 980px, (min-width: 981px) 1024px, 100vw\" \/><\/a><\/figure>\n\n\n\n<figure class=\"wp-block-image size-large\"><a href=\"https:\/\/www.obispadocastrenseargentina.org\/contenidos\/wp-content\/uploads\/2026\/09\/ObispadoCastrenseArg_EscGNAJesusMaria-Confirmaciones-02.jpg\"><img loading=\"lazy\" decoding=\"async\" width=\"1024\" height=\"576\" data-id=\"249742\" src=\"https:\/\/www.obispadocastrenseargentina.org\/contenidos\/wp-content\/uploads\/2026\/09\/ObispadoCastrenseArg_EscGNAJesusMaria-Confirmaciones-02-1024x576.jpg\" alt=\"\" class=\"wp-image-249742\" srcset=\"https:\/\/www.obispadocastrenseargentina.org\/contenidos\/wp-content\/uploads\/2026\/09\/ObispadoCastrenseArg_EscGNAJesusMaria-Confirmaciones-02-1024x576.jpg 1024w, https:\/\/www.obispadocastrenseargentina.org\/contenidos\/wp-content\/uploads\/2026\/09\/ObispadoCastrenseArg_EscGNAJesusMaria-Confirmaciones-02-980x551.jpg 980w, https:\/\/www.obispadocastrenseargentina.org\/contenidos\/wp-content\/uploads\/2026\/09\/ObispadoCastrenseArg_EscGNAJesusMaria-Confirmaciones-02-480x270.jpg 480w\" sizes=\"(min-width: 0px) and (max-width: 480px) 480px, (min-width: 481px) and (max-width: 980px) 980px, (min-width: 981px) 1024px, 100vw\" \/><\/a><\/figure>\n\n\n\n<figure class=\"wp-block-image size-large\"><a href=\"https:\/\/www.obispadocastrenseargentina.org\/contenidos\/wp-content\/uploads\/2026\/09\/ObispadoCastrenseArg_EscGNAJesusMaria-Confirmaciones-01.jpg\"><img loading=\"lazy\" decoding=\"async\" width=\"1024\" height=\"576\" data-id=\"249741\" src=\"https:\/\/www.obispadocastrenseargentina.org\/contenidos\/wp-content\/uploads\/2026\/09\/ObispadoCastrenseArg_EscGNAJesusMaria-Confirmaciones-01-1024x576.jpg\" alt=\"\" class=\"wp-image-249741\" srcset=\"https:\/\/www.obispadocastrenseargentina.org\/contenidos\/wp-content\/uploads\/2026\/09\/ObispadoCastrenseArg_EscGNAJesusMaria-Confirmaciones-01-1024x576.jpg 1024w, https:\/\/www.obispadocastrenseargentina.org\/contenidos\/wp-content\/uploads\/2026\/09\/ObispadoCastrenseArg_EscGNAJesusMaria-Confirmaciones-01-980x551.jpg 980w, https:\/\/www.obispadocastrenseargentina.org\/contenidos\/wp-content\/uploads\/2026\/09\/ObispadoCastrenseArg_EscGNAJesusMaria-Confirmaciones-01-480x270.jpg 480w\" sizes=\"(min-width: 0px) and (max-width: 480px) 480px, (min-width: 481px) and (max-width: 980px) 980px, (min-width: 981px) 1024px, 100vw\" \/><\/a><\/figure>\n\n\n\n<figure class=\"wp-block-image size-large\"><a href=\"https:\/\/www.obispadocastrenseargentina.org\/contenidos\/wp-content\/uploads\/2026\/09\/ObispadoCastrenseArg_EscGNAJesusMaria-Confirmaciones-00.jpg\"><img loading=\"lazy\" decoding=\"async\" width=\"1024\" height=\"576\" data-id=\"249739\" src=\"https:\/\/www.obispadocastrenseargentina.org\/contenidos\/wp-content\/uploads\/2026\/09\/ObispadoCastrenseArg_EscGNAJesusMaria-Confirmaciones-00-1024x576.jpg\" alt=\"\" class=\"wp-image-249739\" srcset=\"https:\/\/www.obispadocastrenseargentina.org\/contenidos\/wp-content\/uploads\/2026\/09\/ObispadoCastrenseArg_EscGNAJesusMaria-Confirmaciones-00-1024x576.jpg 1024w, https:\/\/www.obispadocastrenseargentina.org\/contenidos\/wp-content\/uploads\/2026\/09\/ObispadoCastrenseArg_EscGNAJesusMaria-Confirmaciones-00-980x551.jpg 980w, https:\/\/www.obispadocastrenseargentina.org\/contenidos\/wp-content\/uploads\/2026\/09\/ObispadoCastrenseArg_EscGNAJesusMaria-Confirmaciones-00-480x270.jpg 480w\" sizes=\"(min-width: 0px) and (max-width: 480px) 480px, (min-width: 481px) and (max-width: 980px) 980px, (min-width: 981px) 1024px, 100vw\" \/><\/a><\/figure>\n<\/figure>\n","protected":false},"excerpt":{"rendered":"<p>MONS. OLIVERA | El Esp\u00edritu Santo ilumina, fortalece con sus dones, nos ayuda a vivir con coherencia evang\u00e9lica y a ser Testigos valientes del Evangelio de Jes\u00fas, as\u00ed lo expres\u00f3 el Obispo Castrense y de las Fuerzas Federales de Seguridad, Mons. Santiago Olivera al compartir su Homil\u00eda en la Escuela de Suboficiales de GNA, Cabo [&hellip;]<\/p>\n","protected":false},"author":6,"featured_media":249736,"comment_status":"open","ping_status":"closed","sticky":false,"template":"","format":"standard","meta":{"_et_pb_use_builder":"off","_et_pb_old_content":"","_et_gb_content_width":"","footnotes":""},"categories":[71,37,64,66],"tags":[600,51,65,18,68],"class_list":["post-249725","post","type-post","status-publish","format-standard","has-post-thumbnail","hentry","category-gendarmeria-nacional-argentina","category-homilias","category-mons-santiago-olivera","category-obispado-castrense-de-argentina","tag-escuela-de-suboficiales-de-gendarmeria-nacionalcabo-raul-remberto-cuello-escusub","tag-gendarmeria-nacional-argentina","tag-mons-santiago-olivera","tag-obispado-castrense-de-argentina","tag-obispo-castrense-de-argentina"],"_links":{"self":[{"href":"https:\/\/www.obispadocastrenseargentina.org\/contenidos\/wp-json\/wp\/v2\/posts\/249725","targetHints":{"allow":["GET"]}}],"collection":[{"href":"https:\/\/www.obispadocastrenseargentina.org\/contenidos\/wp-json\/wp\/v2\/posts"}],"about":[{"href":"https:\/\/www.obispadocastrenseargentina.org\/contenidos\/wp-json\/wp\/v2\/types\/post"}],"author":[{"embeddable":true,"href":"https:\/\/www.obispadocastrenseargentina.org\/contenidos\/wp-json\/wp\/v2\/users\/6"}],"replies":[{"embeddable":true,"href":"https:\/\/www.obispadocastrenseargentina.org\/contenidos\/wp-json\/wp\/v2\/comments?post=249725"}],"version-history":[{"count":1,"href":"https:\/\/www.obispadocastrenseargentina.org\/contenidos\/wp-json\/wp\/v2\/posts\/249725\/revisions"}],"predecessor-version":[{"id":249745,"href":"https:\/\/www.obispadocastrenseargentina.org\/contenidos\/wp-json\/wp\/v2\/posts\/249725\/revisions\/249745"}],"wp:featuredmedia":[{"embeddable":true,"href":"https:\/\/www.obispadocastrenseargentina.org\/contenidos\/wp-json\/wp\/v2\/media\/249736"}],"wp:attachment":[{"href":"https:\/\/www.obispadocastrenseargentina.org\/contenidos\/wp-json\/wp\/v2\/media?parent=249725"}],"wp:term":[{"taxonomy":"category","embeddable":true,"href":"https:\/\/www.obispadocastrenseargentina.org\/contenidos\/wp-json\/wp\/v2\/categories?post=249725"},{"taxonomy":"post_tag","embeddable":true,"href":"https:\/\/www.obispadocastrenseargentina.org\/contenidos\/wp-json\/wp\/v2\/tags?post=249725"}],"curies":[{"name":"wp","href":"https:\/\/api.w.org\/{rel}","templated":true}]}}