{"id":249746,"date":"2026-09-06T12:24:42","date_gmt":"2026-09-06T15:24:42","guid":{"rendered":"https:\/\/www.obispadocastrenseargentina.org\/contenidos\/?p=249746"},"modified":"2026-09-06T12:24:42","modified_gmt":"2026-09-06T15:24:42","slug":"orillando-el-encuentro-n-210","status":"publish","type":"post","link":"https:\/\/www.obispadocastrenseargentina.org\/contenidos\/orillando-el-encuentro-n-210\/","title":{"rendered":"Orillando el Encuentro N\u00b0 210"},"content":{"rendered":"\n<p><strong>Orillando el Encuentro N\u00b0 210<\/strong>, ya se encuentra disponible el bolet\u00edn informativo de la Di\u00f3cesis Castrense de Argentina, el mismo se encuentra en formato PDF para leer, descargar e imprimir en una edici\u00f3n especial, d\u00eda de la Independencia. En esta entrega, encontraremos en portada el mensaje de nuestro Obispo dirigi\u00e9ndose a la Comunidad Diocesana nos dice,&nbsp;<strong><em>\u201c<\/em><\/strong><strong><em>agradezco mucho la labor de cada docente, que el Se\u00f1or Jes\u00fas, Maestro por excelencia, conocedor profundo de la humanidad toda, sea un reflejo permanente en su cotidiana respuesta a esta labor elegida, y a la responsabilidad asumida<\/em><\/strong><strong><em>\u201d.<\/em><\/strong><\/p>\n\n\n\n<p>Adem\u00e1s, hallar\u00e1n la reflexi\u00f3n sobre el Evangelio,&nbsp;Mateo 18: 32-35. En el interior del bolet\u00edn, podr\u00e1n leer la nota&nbsp;<strong>\u201cNATIVIDAD DE LA VIRGEN MAR\u00cdA\u201d<\/strong>, tambi\u00e9n encontrar\u00e1n como siempre la s\u00edntesis informativa y la agenda pastoral.<\/p>\n\n\n\n<p>Clicando descargue archivo PDF:<\/p>\n\n\n\n<p><strong><a href=\"https:\/\/www.obispadocastrenseargentina.org\/contenidos\/wp-content\/uploads\/2026\/09\/OrillandoN210.pdf\" target=\"_blank\" rel=\"noreferrer noopener\">ORILLANDO EL ENCUENTRO N\u00b0 210<\/a><\/strong><\/p>\n","protected":false},"excerpt":{"rendered":"<p>Orillando el Encuentro N\u00b0 210, ya se encuentra disponible el bolet\u00edn informativo de la Di\u00f3cesis Castrense de Argentina, el mismo se encuentra en formato PDF para leer, descargar e imprimir en una edici\u00f3n especial, d\u00eda de la Independencia. En esta entrega, encontraremos en portada el mensaje de nuestro Obispo dirigi\u00e9ndose a la Comunidad Diocesana nos [&hellip;]<\/p>\n","protected":false},"author":6,"featured_media":249747,"comment_status":"open","ping_status":"closed","sticky":false,"template":"","format":"standard","meta":{"_et_pb_use_builder":"off","_et_pb_old_content":"","_et_gb_content_width":"","footnotes":""},"categories":[66,616],"tags":[18,416],"class_list":["post-249746","post","type-post","status-publish","format-standard","has-post-thumbnail","hentry","category-obispado-castrense-de-argentina","category-orillando-el-encuentro","tag-obispado-castrense-de-argentina","tag-orillando-el-encuentro"],"_links":{"self":[{"href":"https:\/\/www.obispadocastrenseargentina.org\/contenidos\/wp-json\/wp\/v2\/posts\/249746","targetHints":{"allow":["GET"]}}],"collection":[{"href":"https:\/\/www.obispadocastrenseargentina.org\/contenidos\/wp-json\/wp\/v2\/posts"}],"about":[{"href":"https:\/\/www.obispadocastrenseargentina.org\/contenidos\/wp-json\/wp\/v2\/types\/post"}],"author":[{"embeddable":true,"href":"https:\/\/www.obispadocastrenseargentina.org\/contenidos\/wp-json\/wp\/v2\/users\/6"}],"replies":[{"embeddable":true,"href":"https:\/\/www.obispadocastrenseargentina.org\/contenidos\/wp-json\/wp\/v2\/comments?post=249746"}],"version-history":[{"count":2,"href":"https:\/\/www.obispadocastrenseargentina.org\/contenidos\/wp-json\/wp\/v2\/posts\/249746\/revisions"}],"predecessor-version":[{"id":249750,"href":"https:\/\/www.obispadocastrenseargentina.org\/contenidos\/wp-json\/wp\/v2\/posts\/249746\/revisions\/249750"}],"wp:featuredmedia":[{"embeddable":true,"href":"https:\/\/www.obispadocastrenseargentina.org\/contenidos\/wp-json\/wp\/v2\/media\/249747"}],"wp:attachment":[{"href":"https:\/\/www.obispadocastrenseargentina.org\/contenidos\/wp-json\/wp\/v2\/media?parent=249746"}],"wp:term":[{"taxonomy":"category","embeddable":true,"href":"https:\/\/www.obispadocastrenseargentina.org\/contenidos\/wp-json\/wp\/v2\/categories?post=249746"},{"taxonomy":"post_tag","embeddable":true,"href":"https:\/\/www.obispadocastrenseargentina.org\/contenidos\/wp-json\/wp\/v2\/tags?post=249746"}],"curies":[{"name":"wp","href":"https:\/\/api.w.org\/{rel}","templated":true}]}}