{"id":249752,"date":"2026-09-06T17:12:39","date_gmt":"2026-09-06T20:12:39","guid":{"rendered":"https:\/\/www.obispadocastrenseargentina.org\/contenidos\/?p=249752"},"modified":"2026-09-06T17:13:07","modified_gmt":"2026-09-06T20:13:07","slug":"cea-el-bien-comun-no-es-una-abstraccion-teorica-sino-la-forma-social-de-la-dignidad-human","status":"publish","type":"post","link":"https:\/\/www.obispadocastrenseargentina.org\/contenidos\/cea-el-bien-comun-no-es-una-abstraccion-teorica-sino-la-forma-social-de-la-dignidad-human\/","title":{"rendered":"CEA | El Bien Com\u00fan no es una abstracci\u00f3n te\u00f3rica, sino la forma social de la dignidad humana"},"content":{"rendered":"\n<p><strong>CEA | El Bien Com\u00fan no es una abstracci\u00f3n te\u00f3rica, sino la forma social de la dignidad humana<\/strong>, as\u00ed lo expres\u00f3 la <strong>Comisi\u00f3n Episcopal de Pastoral Social <\/strong>de la<strong> Conferencia Episcopal Argentina<\/strong>.El comunicado representa el mensaje final de la Semana Social 2026, desarrollado bajo el lema \u201cPuentes hacia el Bien Com\u00fan\u201d, entre los d\u00edas 4 y 6 de septiembre en la provincia de C\u00f3rdoba.<\/p>\n\n\n\n<p>En mensaje, se\u00f1alan, <strong><em>\u201creunidos por primera vez en C\u00f3rdoba los participantes de la Semana Social 2026 nos hemos encontrado bajo el lema \u201cPuentes hacia el Bien Com\u00fan\u201d. En este cambio de \u00e9poca, queremos continuar la senda de organizar la esperanza asumiendo que el Bien Com\u00fan no es una abstracci\u00f3n te\u00f3rica, sino la forma social de la dignidad humana\u201d.<\/em><\/strong><\/p>\n\n\n\n<p>Continuando, dijeron, <strong><em>\u201ccon inmensa alegr\u00eda y renovada esperanza, aguardamos la pr\u00f3xima visita del Papa Le\u00f3n XIV a la Argentina en el mes de noviembre. El anunciado paso por Buenos Aires, C\u00f3rdoba y Luj\u00e1n se presenta como un llamado al reencuentro fraterno. Su visita nos convoca a disponernos al encuentro: recuperar la escucha y reconocernos corresponsables de una misma casa y de un destino compartido\u201d.<\/em><\/strong><strong><em><\/em><\/strong><\/p>\n\n\n\n<p>La Comisi\u00f3n Episcopal de Pastoral Social trabajaron sobre los ejes, \u201cBien Com\u00fan y compromiso social: una llamada de Magn\u00edfica Humanitas\u201d; \u201cEconom\u00eda, Producci\u00f3n y Trabajo en el tiempo de la Inteligencia Artificial\u201d y \u201cPoder digital y cuidado de la persona humana\u201d.<br>Finalmente, se\u00f1alan, <strong><em>\u201cponemos nuestras vidas y el porvenir de la Patria en manos de nuestra Madre, la Virgen de Luj\u00e1n y el Santo Cura Brochero. Les pedimos que nos ense\u00f1en a mirar la historia desde abajo para seguir tendiendo puentes de encuentro en esta magn\u00edfica humanidad\u201d.<\/em><\/strong><\/p>\n\n\n\n<p>A continuaci\u00f3n, compartimos en forma completa le mensaje de la Comisi\u00f3n Episcopal de Pastoral Social de la Conferencia Episcopal Argentina:<\/p>\n\n\n\n<p class=\"has-text-align-center\"><strong>Mensaje final de la Semana Social 2026<\/strong><\/p>\n\n\n\n<p class=\"has-text-align-center\"><strong>\u201cPuentes hacia el Bien Com\u00fan\u201d<\/strong><\/p>\n\n\n\n<p class=\"has-text-align-center\"><strong>C\u00f3rdoba; 4, 5 y 6 de septiembre<\/strong><\/p>\n\n\n\n<p>Reunidos por primera vez en C\u00f3rdoba los participantes de la Semana Social 2026 nos hemos encontrado bajo el lema \u201cPuentes hacia el Bien Com\u00fan\u201d. En este cambio de \u00e9poca, queremos continuar la senda de organizar la esperanza asumiendo que el Bien Com\u00fan no es una abstracci\u00f3n te\u00f3rica, sino la forma social de la dignidad humana. Comprendemos que la justicia social es el criterio estructurador y la herramienta indispensable para hacer real este horizonte de plenitud, acortando distancias y garantizando la equidad, tanto en el punto de partida como en el camino de nuestro pueblo.<\/p>\n\n\n\n<p>Con inmensa alegr\u00eda y renovada esperanza, aguardamos la pr\u00f3xima visita del Papa Le\u00f3n XIV a la Argentina en el mes de noviembre. El anunciado paso por Buenos Aires, C\u00f3rdoba y Luj\u00e1n se presenta como un llamado al reencuentro fraterno. Su visita nos convoca a disponernos al encuentro: recuperar la escucha y reconocernos corresponsables de una misma casa y de un destino compartido.<\/p>\n\n\n\n<p>En el primer eje de nuestras reflexiones, <strong>\u201cBien Com\u00fan y compromiso social: una llamada de Magn\u00edfica Humanitas\u201d<\/strong>, nos hemos dejado iluminar por el camino de Nehem\u00edas. Comprendemos que el di\u00e1logo se sostiene sobre una escucha atenta, serena y respetuosa, capaz de empatizar genuinamente con el otro sin descalificarlo ni subestimarlo. El Bien Com\u00fan nos convoca a edificar una sociedad donde cada piedra, especialmente aquella que parece descartada o herida, sea valorada e integrada en la reconstrucci\u00f3n de la convivencia.<\/p>\n\n\n\n<p>El acceso al alimento, a la vivienda, el trabajo digno, la educaci\u00f3n y el acceso a la cultura, la salud, el transporte, la libre circulaci\u00f3n de las informaciones, la tutela de la libertad religiosa, la salvaguardia del medioambiente, la paz y el ordenamiento jur\u00eddico no son variables abstractas, sino exigencias concretas de la dignidad humana que debemos custodiar juntos.<\/p>\n\n\n\n<p>Al abordar el segundo eje, <strong>\u201cEconom\u00eda, Producci\u00f3n y Trabajo en el tiempo de la Inteligencia Artificial\u201d<\/strong>, reafirmamos que el trabajo es el gran ordenador de la vida y una senda de realizaci\u00f3n personal. Ante el avance vertiginoso de las tecnolog\u00edas de la informaci\u00f3n y la inteligencia artificial, alentamos una transici\u00f3n justa con gobernanza, donde los l\u00edmites \u00e9ticos, t\u00e9cnicos y morales sean establecidos por el ser humano para garantizar que la t\u00e9cnica sea siempre una ayuda valiosa y que la persona humana nunca sea variable de ajuste ante la eficiencia o el lucro.<\/p>\n\n\n\n<p>Queremos caminar estrechamente junto a nuestro pueblo, compartiendo el desvelo de tantas familias que, a pesar de esforzarse en m\u00faltiples empleos, se ven obligadas a asumir compromisos econ\u00f3micos y financieros que escapan a sus posibilidades reales.<\/p>\n\n\n\n<p>En el tercer eje, <strong>\u201cPoder digital y cuidado de la persona humana\u201d<\/strong>, hemos reflexionado sobre las problem\u00e1ticas de la virtualidad que afectan la interioridad y la salud mental de nuestras comunidades. Nos conmueve profundamente el sufrimiento silencioso expresado en la ansiedad y el aislamiento social, y nos comprometemos a no ser indiferentes ante el crecimiento de la tasa de suicidios, especialmente en adolescentes y j\u00f3venes.<\/p>\n\n\n\n<p>Frente al flagelo de las apuestas online recordamos que <strong>\u201capostar no es un juego\u201d<\/strong>. A su vez, proponemos valorar los v\u00ednculos cercanos que implican la conversaci\u00f3n cara a cara en el hogar, la recuperaci\u00f3n del juego f\u00edsico, la gratuidad, y el deporte compartido. Fortalecemos el protagonismo de nuestras Capillas, Clubes de barrio y Colegios, entre tantas otras, como comunidades indispensables para ordenar los impulsos, cuidar la interioridad y reconstruir la vida fraterna.<\/p>\n\n\n\n<p>Desde la <strong>Ecolog\u00eda Integral<\/strong>, donde la realidad supera a la idea y el todo a las partes, reafirmamos que no hay dos crisis sino una sola crisis socio-ambiental. Caminamos con nuestro pueblo escuchando el clamor de la tierra y de los pobres, convencidos de que la unidad supera al conflicto en una casa com\u00fan donde todo est\u00e1 conectado.<\/p>\n\n\n\n<p>Junto a quienes protegen los humedales, defienden el agua, el alimento sin derroche, recordamos que descuidar la naturaleza es una falta de caridad y justicia hacia el pr\u00f3jimo. Reconocemos, a su vez, la importancia de la tierra y el ambiente en la identidad de los pueblos originarios.<\/p>\n\n\n\n<p>Nuestra reflexi\u00f3n se nutre tambi\u00e9n de la memoria agradecida que cultivamos en el paso por la <strong>Casa de la Memoria<\/strong>, donde reafirmamos que la paz verdadera es fruto de la justicia y se cimenta sobre la verdad hist\u00f3rica.<\/p>\n\n\n\n<p>Al conmemorar el <strong>50\u00b0 aniversario del golpe de Estado<\/strong> y honrar el testimonio de nuestros m\u00e1rtires riojanos, recordamos con el beato Enrique Angelelli que la justicia social es un camino de fraternidad que debemos custodiar activamente.<\/p>\n\n\n\n<p>Con la tenacidad de <strong>Nehem\u00edas<\/strong>, que al escuchar el dolor de su ciudad herida no se qued\u00f3 en lamentos, sino que organiz\u00f3 al pueblo, se ensuci\u00f3 las manos y construy\u00f3 puentes para el bien com\u00fan, asumimos el compromiso de levantar lo ca\u00eddo siendo piedras vivas de esta edificaci\u00f3n comunitaria.<\/p>\n\n\n\n<p>Cada uno debe asumir su tramo de muralla y construir juntos la <strong>civilizaci\u00f3n del amor<\/strong>.<\/p>\n\n\n\n<p>Ponemos nuestras vidas y el porvenir de la Patria en manos de nuestra <strong>Madre, la Virgen de Luj\u00e1n y el Santo Cura Brochero<\/strong>. Les pedimos que nos ense\u00f1en a mirar la historia desde abajo para seguir tendiendo puentes de encuentro en esta magn\u00edfica humanidad.<\/p>\n\n\n\n<p><strong>C\u00f3rdoba, domingo 6 de septiembre de 2026.<\/strong><\/p>\n\n\n\n<p><strong>Comisi\u00f3n Episcopal de Pastoral Social<\/strong><br><strong>Conferencia Episcopal Argentina<\/strong><\/p>\n","protected":false},"excerpt":{"rendered":"<p>CEA | El Bien Com\u00fan no es una abstracci\u00f3n te\u00f3rica, sino la forma social de la dignidad humana, as\u00ed lo expres\u00f3 la Comisi\u00f3n Episcopal de Pastoral Social de la Conferencia Episcopal Argentina.El comunicado representa el mensaje final de la Semana Social 2026, desarrollado bajo el lema \u201cPuentes hacia el Bien Com\u00fan\u201d, entre los d\u00edas 4 [&hellip;]<\/p>\n","protected":false},"author":6,"featured_media":249753,"comment_status":"open","ping_status":"closed","sticky":false,"template":"","format":"standard","meta":{"_et_pb_use_builder":"off","_et_pb_old_content":"","_et_gb_content_width":"","footnotes":""},"categories":[66],"tags":[87,18],"class_list":["post-249752","post","type-post","status-publish","format-standard","has-post-thumbnail","hentry","category-obispado-castrense-de-argentina","tag-cea-conferencia-episcopal-argentina","tag-obispado-castrense-de-argentina"],"_links":{"self":[{"href":"https:\/\/www.obispadocastrenseargentina.org\/contenidos\/wp-json\/wp\/v2\/posts\/249752","targetHints":{"allow":["GET"]}}],"collection":[{"href":"https:\/\/www.obispadocastrenseargentina.org\/contenidos\/wp-json\/wp\/v2\/posts"}],"about":[{"href":"https:\/\/www.obispadocastrenseargentina.org\/contenidos\/wp-json\/wp\/v2\/types\/post"}],"author":[{"embeddable":true,"href":"https:\/\/www.obispadocastrenseargentina.org\/contenidos\/wp-json\/wp\/v2\/users\/6"}],"replies":[{"embeddable":true,"href":"https:\/\/www.obispadocastrenseargentina.org\/contenidos\/wp-json\/wp\/v2\/comments?post=249752"}],"version-history":[{"count":2,"href":"https:\/\/www.obispadocastrenseargentina.org\/contenidos\/wp-json\/wp\/v2\/posts\/249752\/revisions"}],"predecessor-version":[{"id":249755,"href":"https:\/\/www.obispadocastrenseargentina.org\/contenidos\/wp-json\/wp\/v2\/posts\/249752\/revisions\/249755"}],"wp:featuredmedia":[{"embeddable":true,"href":"https:\/\/www.obispadocastrenseargentina.org\/contenidos\/wp-json\/wp\/v2\/media\/249753"}],"wp:attachment":[{"href":"https:\/\/www.obispadocastrenseargentina.org\/contenidos\/wp-json\/wp\/v2\/media?parent=249752"}],"wp:term":[{"taxonomy":"category","embeddable":true,"href":"https:\/\/www.obispadocastrenseargentina.org\/contenidos\/wp-json\/wp\/v2\/categories?post=249752"},{"taxonomy":"post_tag","embeddable":true,"href":"https:\/\/www.obispadocastrenseargentina.org\/contenidos\/wp-json\/wp\/v2\/tags?post=249752"}],"curies":[{"name":"wp","href":"https:\/\/api.w.org\/{rel}","templated":true}]}}